{"id":274,"date":"2026-09-03T11:08:01","date_gmt":"2026-09-03T09:08:01","guid":{"rendered":"https:\/\/mostarac.ba\/?p=274"},"modified":"2026-09-03T11:08:01","modified_gmt":"2026-09-03T09:08:01","slug":"mostar-kroz-istoriju-muslimanska-narodna-biblioteka","status":"publish","type":"post","link":"https:\/\/mostarac.ba\/?p=274","title":{"rendered":"Mostar kroz istoriju: Muslimanska narodna biblioteka"},"content":{"rendered":"\n<p class=\"wp-block-paragraph\">Danas o nastanku, radu i ga\u0161enju Muslimanske narodne biblioteke Mostar.<br>Za ovaj tekst imamo dva razloga.<br>Prvi razlog je da se ne zaborave oni koji nisu zaslu\u017eili da budu zaboravljeni ,a drugi je taj da usporedite one koji nas danas predstavljaju na kulturnom, vjerskom i intelektualnom podru\u010dju sa onima od prije skoro stotinu godina.<br>\u010citaju\u0107i neke stare tekstove iz knjiga i novina u periodu izme\u0111u 1898.\u00a0do\u00a01945.godine\u00a0\u010dovjek stvarno mora biti ljubomoran na \u010dinjenicu kakve smo tada pametne ljude imali.<br>One koji su udarali temelje onoga \u0161to danas imamo (ma koliko to mnogima smije\u0161no izgledalo). Upore\u0111ivati one koji su radili pod okupatorom, one koji su u tom dru\u0161tvu bili gra\u0111ani drugog reda i ovog dana\u0161njeg umnog jada i \u010demera koji nas zadesi je tu\u017eno da tu\u017enije biti ne mo\u017ee.<br>U prilogu je naslovna stranica mostarskog Musavata od\u00a022.marta\u00a01907.godine\u00a0gdje su Austougarske vlasti cenzurirale\u00a0834\u00a0reda u novinama od \u010ditavih 8 stranica.<br>Nama se stotinama godina falcificira istorija u zavisnosti \u010dija nas \u010dizma gazi i normalno ta vremena su tra\u017eila one koji narodski re\u010deno &#8220;znaju igrat igru&#8221;, za bolje svoga naroda.<br>Problem tu\u0111e \u010dizme nad grkljanom vi\u0161e nemamo ali zato imamo idiote koji bi da ovaj narod i njegovu dr\u017eavu opet dovedu na poziciju &#8220;kusura&#8221; velikih ,a taj put je put nestanka i naroda i dr\u017eave. Opet nas la\u017eu ,iskrivljuju istorijske \u010dinjenice i doga\u0111aje ali ovaj put to nisu tu\u0111ini nego ko biva &#8220;na\u0161i&#8221;. Imamo dva tipa tih &#8220;na\u0161ih&#8221;. Jedne kojima je narod biznis i one druge koji bi \u017eeljeli da nas kroz tzv. vjeru vrate u doba kad nas je bilo 70% nepismenih ,a \u017eene slu\u017eile za rasploda i kuhanja.<br><br>Da bi se opisao neprocjenjivi doprinos Muslimanske narodne biblioteke Mostar i ljudi okupljenih oko nje trebamo pro\u010ditati par op\u0161tih podataka o okolnostima od\u00a01890. pa sve do\u00a01945.godine. Moramo izdvojiti i par kulturno-prosvjetnih dru\u0161tava i biblioteka koje su tih te\u0161kih godina radile na opismenjavanju, kulturnom uzdizanju, nauci i \u010duvanju tradicije u Bosni i Hercegovini i Mostaru.<br>Izme\u0111u dva svjetska rata Bosna i Hercegovina nije imala niti jedan fakultet na svom teriotoriju ,a nepismenost je iznosila 74% ukupnog stanovni\u0161tva starijeg od deset godina.<br>Poslije prvog svjetskog rata Mostar je od obrazovnih ustanova ima gimnaziju, pet \u010detverorazrednih osnovnih \u0161kola, Gra\u0111ansku \u0161kolu (prvi stepen srednje \u0161kole), Zanatsku ( radni\u010dka zanimanja, \u017denska stru\u010dna (priprema za doma\u0107instvo) i U\u010diteljsku \u0161kolu.<br>Po popisu stanovni\u0161tva od 31. marta\u00a01931. godine na\u0161 Mostar je imao\u00a020.295\u00a0stanovnika (8.844\u00a0muslimana,\u00a05.764\u00a0rimokatolika,\u00a05.502\u00a0pravoslavnih,\u00a0185\u00a0ostalih) .<br>Ukupna nepismenost u Mostaru je iznosila 61,4%. ,a kod \u017eena je taj procenat iznosio 79,4%.<br>Imao je Mostar jo\u0161 od\u00a01570.godine\u00a0neku vrstu bublioteke koju osnova veliki Kara\u0111ozbeg ,a kasnije (Hivzija Hasansedi\u0107) u na\u0161em gradu su u periodu od\u00a01898. pa do\u00a01945.godine\u00a0osnovano je 29 muslimanskih dru\u0161tava. Nabrojat \u0107u samo neka od njih.<br>Muhamedansko \u010ditaoni\u010dko i dobrotvorno dru\u0161tvo \u010diji je prvi predsjednik bio Mujaga Komadina, Muslimanska \u010ditaonica- Kireaethana u kojoj je jedno vrijeme radio i Husaga \u0106i\u0161i\u0107 .<br>Mjesni odbor kulturno-prosvjetnog dru\u0161tva Gajret Mostar osnovanog\u00a01911.godine\u00a0kroz kojeg su prodefilovali mnogi veliki ljudi ovoga grada poput : Ahemda D\u017eiki\u0107a, Omera Ugljena, Ibrahima Slipi\u010devi\u0107a, Saliha \u0106i\u0161i\u0107a, Husnije Kurta, \u0160a\u0107ira Bijedi\u0107a, Mustafe Alikafi\u0107a, \u0106azima Ugljena, Hasana \u0106i\u0161i\u0107a, Sulejmana Trebovi\u0107a, Salke D\u017eiki\u0107a, Ibrahima Rid\u017eanovi\u0107, Muhameda Behlilovi\u0107a, Omera Alajabegovi\u0107, Ahmeda Kasumovi\u0107 i drugih.<br>\u0160ta tek re\u010di o mjesnom odboru Narodne uzdanice Mostar.<br>Muslimanska nardona biblioteka je dugo vremena bila okosnica obrazovanja, naprednih razmi\u0161ljanja a kasnije i temelj Narodno oslobodila\u010dkog pokreta u Mostaru.<\/p>\n","protected":false},"excerpt":{"rendered":"<p>Danas o nastanku, radu i ga\u0161enju Muslimanske narodne biblioteke Mostar.Za ovaj tekst imamo dva razloga.Prvi razlog je da se ne zaborave oni koji nisu zaslu\u017eili da budu zaboravljeni ,a drugi je taj da usporedite one koji nas danas predstavljaju na kulturnom, vjerskom i intelektualnom podru\u010dju sa onima od prije skoro stotinu godina.\u010citaju\u0107i neke stare tekstove [&hellip;]<\/p>\n","protected":false},"author":1,"featured_media":275,"comment_status":"open","ping_status":"open","sticky":false,"template":"","format":"standard","meta":{"footnotes":""},"categories":[23],"tags":[],"class_list":["post-274","post","type-post","status-publish","format-standard","has-post-thumbnail","category-mostar"],"_links":{"self":[{"href":"https:\/\/mostarac.ba\/index.php?rest_route=\/wp\/v2\/posts\/274","targetHints":{"allow":["GET"]}}],"collection":[{"href":"https:\/\/mostarac.ba\/index.php?rest_route=\/wp\/v2\/posts"}],"about":[{"href":"https:\/\/mostarac.ba\/index.php?rest_route=\/wp\/v2\/types\/post"}],"author":[{"embeddable":true,"href":"https:\/\/mostarac.ba\/index.php?rest_route=\/wp\/v2\/users\/1"}],"replies":[{"embeddable":true,"href":"https:\/\/mostarac.ba\/index.php?rest_route=%2Fwp%2Fv2%2Fcomments&post=274"}],"version-history":[{"count":1,"href":"https:\/\/mostarac.ba\/index.php?rest_route=\/wp\/v2\/posts\/274\/revisions"}],"predecessor-version":[{"id":276,"href":"https:\/\/mostarac.ba\/index.php?rest_route=\/wp\/v2\/posts\/274\/revisions\/276"}],"wp:featuredmedia":[{"embeddable":true,"href":"https:\/\/mostarac.ba\/index.php?rest_route=\/wp\/v2\/media\/275"}],"wp:attachment":[{"href":"https:\/\/mostarac.ba\/index.php?rest_route=%2Fwp%2Fv2%2Fmedia&parent=274"}],"wp:term":[{"taxonomy":"category","embeddable":true,"href":"https:\/\/mostarac.ba\/index.php?rest_route=%2Fwp%2Fv2%2Fcategories&post=274"},{"taxonomy":"post_tag","embeddable":true,"href":"https:\/\/mostarac.ba\/index.php?rest_route=%2Fwp%2Fv2%2Ftags&post=274"}],"curies":[{"name":"wp","href":"https:\/\/api.w.org\/{rel}","templated":true}]}}