{"id":289,"date":"2026-09-04T08:20:07","date_gmt":"2026-09-04T06:20:07","guid":{"rendered":"https:\/\/mostarac.ba\/?p=289"},"modified":"2026-09-04T08:44:24","modified_gmt":"2026-09-04T06:44:24","slug":"zaboravljeni-heroj-huso-salcic","status":"publish","type":"post","link":"https:\/\/mostarac.ba\/?p=289","title":{"rendered":"Zaboravljeni heroj Huso Sal\u010di\u0107"},"content":{"rendered":"\n<p class=\"wp-block-paragraph\"><\/p>\n\n\n\n<p class=\"wp-block-paragraph\"><\/p>\n\n\n\n<p class=\"wp-block-paragraph\">Heroje stvaraju putevi koje oni odaberu, a ne mo\u0107i kojima su ukra\u0161eni. &#8211; Brodi Ashton<\/p>\n\n\n\n<p class=\"wp-block-paragraph\">Mo\u017eda ove rije\u010di gore najbolje mogu opisati \u010dovjeka, o kojem se vrlo malo zna.&nbsp;<\/p>\n\n\n\n<p class=\"wp-block-paragraph\">Huso Sal\u010di\u0107 je spadao u onih 0,1% ljudskog roda koji je imao sve. Lavlje srce, briljantan um, karakter i du\u0161u djeteta. Upravo takvi ljudi kao \u0161to je bio Sal\u010di\u0107 ne odgovaraju nikome. Ni onima sa kojima se borio rame uz rame, a posebno ne onima protiv kojih se borio.&nbsp;<\/p>\n\n\n\n<p class=\"wp-block-paragraph\">Istorija, sada\u0161njost a vjerovatno i budu\u0107nost se dijeli na ljude koji svojom hrabro\u0161\u0107u , intelektom i karakterom odudaraju od onih drugih. Ovi drugi tzv. &#8220;beski\u010dmenjaci&#8221;(kako nekad, tako i danas ) su usud dru\u0161tva. &nbsp;Upravo zbog takvih &#8220;suboraca&#8221; su \u010detnici 31-og maja 1942.godine, &nbsp;saznav\u0161i koga su ranjenog zarobili, kamom izvadili srce iz njedara.&nbsp;<\/p>\n\n\n\n<p class=\"wp-block-paragraph\">Vrlo je te\u0161ko sklopiti sve kockice o Sal\u010di\u0107u jer od njegovog lika i djela su ostali samo fragmenti. Namjerno zaboravljen, izolavan i ostavljen.&nbsp;<\/p>\n\n\n\n<p class=\"wp-block-paragraph\">Vjerovatno ovaj tekst ne\u0107e imati hiljade \u010ditanja, kao neki drugi ali za mene Huso Sal\u010di\u0107 spada u onu grupu ljudi koje zovemo &#8220;jedan od rijetkih&#8221; pa iz tog razloga \u017eelim da ne\u0161to napi\u0161em o njemu.&nbsp;<\/p>\n\n\n\n<p class=\"wp-block-paragraph\">Huso Sal\u010di\u0107 ro\u0111en je 22.05.1911. godine u Stocu. Bio je svestrani zanatlija , knji\u017eevnik i antifa\u0161ista. Sal\u010di\u0107 je kao momak i\u0161ao sa hod\u017eom Halilom Repkom, koji je bio slijep, po muslimanskim selima Bosne i Hercegovine , Crne Gore i propagirao klasnu borbu protiv bur\u017eoazije.&nbsp;<\/p>\n\n\n\n<p class=\"wp-block-paragraph\">Huso je bio inteligentna i snala\u017eljiva osoba. Vje\u0161t govornik kojeg su ljudi pa\u017eljivo slu\u0161ali. Bez obzira \u0161to nije imao neko visoko oficijelno obrazovanje Sal\u010di\u0107 je pisao za dosta \u010dasopisa uklju\u010duju\u0107i tada vrlo popularni Gajret a njegov roman &#8220;Ruke na\u0161e&#8221; su tada\u0161nje kraljeve vlasti zabranile. Drugovi su mu bili Hamid Dizdar(brat Maka Dizdara) &nbsp;i Mirko Mihi\u0107 a sa njima je napravio i prve korake ka SKJ-u.&nbsp;<\/p>\n\n\n\n<p class=\"wp-block-paragraph\">Po\u0161to je volio misliti svojom glavom iz SKJ ga izbacuju ve\u0107 1939. godine zbog neslaganja sa partijskim rukovodstvom, prvenstveno sa Rodoljubom \u010colakovi\u0107em i Mirom Poparom.&nbsp;<\/p>\n\n\n\n<p class=\"wp-block-paragraph\">Sti\u017ee nam i II svjetski rat 1941.godine a Huso Sal\u010di\u0107 se priklju\u010duje partizanima u Dabru. Tamo je jedan od organizatora antifa\u0161isti\u010dkog otpora ali sjeme zla me\u0111u kom\u0161ijama je ve\u0107 posijano. Pa ipak Huso Sal\u010di\u0107 uspjeva spasiti jedno kompletno srpsko selo od pokolja trupa NDH.&nbsp;<\/p>\n\n\n\n<p class=\"wp-block-paragraph\">Breme izbacivanja iz partije ga prati pa ga nadre\u0111eni \u0161alju u diverzantske akcije protiv \u010detnika, usta\u0161a i italijana da bi se &#8220;dokazo &#8220;, a u stvari Sal\u010di\u0107a \u0161alju da se nikad ne vrati. On ve\u0107inom sam ulazi u okupirani Stolac i pravi diverzije.&nbsp;<\/p>\n\n\n\n<p class=\"wp-block-paragraph\">Maja 1942.godine tokom neprijateljska ofanzive biva ranjen i prebacuju ga u centralnu partizansku bolnicu u Zvjerini kod Bile\u0107e, kojom rukovodi dr. Safet Muji\u0107. \u010cetnici i italijani ve\u0107 kontroli\u0161u skoro \u010ditavu isto\u010dnu Hercegovinu a u Zvjerini se doga\u0111a ono \u0161to se stalno doga\u0111alo te 1942-e Partizansko obezbje\u0111enje bolnice (Sitni\u010dki) prelazi u \u010detnike (vrati\u0107e se opet 1944) i nakon kratkotrajne borbe, neprijateljske trupe osvajaju bolnicu.&nbsp;<\/p>\n\n\n\n<p class=\"wp-block-paragraph\">Me\u0111u zarobljenim vojnicima, ranjenicima i medicinskim osobljem se nalazi i ranjeni Huso Sal\u010di\u0107.&nbsp;<\/p>\n\n\n\n<p class=\"wp-block-paragraph\">Kada su \u010detnici saznali koga su zarobili izvode ga napolje i kamom mu vade srce iz grudi a potom ga bodu i kasape. Njegovo tijelo bacaju u jamu Vidu\u0161a u kojoj se i danas nalazi.&nbsp;<\/p>\n\n\n\n<p class=\"wp-block-paragraph\">Zajedno sa Husom Sal\u010di\u0107em u jamu su ba\u010deni svi zaklani borci muslimanske nacionalnosti, uklju\u010duju\u0107i Husrefa \u0106i\u0161i\u0107a, ali o tome nekom drugom prilikom.\u00a0<\/p>\n\n\n\n<p class=\"wp-block-paragraph\">Husi Sal\u010di\u0107u nikada kosti nisu izva\u0111ene iz jame Vidu\u0161a. Huso Sal\u010di\u0107 nikada nije bio nosilac partizanske spomenice, mada mnogi njegovi d\u017eelati i drugovi jesu. Husi Sal\u010di\u0107u je dignuta bista u Stocu iz stida, ne iz ponosa a ni nje vi\u0161e nema. Njegove knji\u017eevne &nbsp;radove su iza rata uzeli &nbsp;&#8220;drugovi&#8221; od supruge Marka Mihi\u0107a, Danice i nikada niko nije saznao \u0161ta se sa njima desilo. Njegov roman &#8220;Ruke na\u0161e&#8221; je zapaljen u II svjetskom ratu.&nbsp;<\/p>\n\n\n\n<p class=\"wp-block-paragraph\">Sal\u010di\u0107 nije pravio transfere iz \u010detnika i muslimanskih milicija u XIII Hercegova\u010dku brigadu. Husu nisu mogli &#8220;\u0161altati&#8221;, kupiti ni u\u0161utkati .On je ta\u010dno znao \u0161ta je , ko je i protiv koga se bori.&nbsp;<\/p>\n\n\n\n<p class=\"wp-block-paragraph\">Kada je ubijen imao je 31.godinu.<\/p>\n\n\n\n<p class=\"wp-block-paragraph\">Danas skoro vi\u0161e niko ni ne zna, ko je bio Huso Sal\u010di\u0107.<\/p>\n\n\n\n<p class=\"wp-block-paragraph\">Nije to \u0161teta za njega, jer onaj gore ima posebno mjesto za ovakve ljude, \u0161teta je za nas !<\/p>\n\n\n\n<p class=\"wp-block-paragraph\"><\/p>\n","protected":false},"excerpt":{"rendered":"<p>Heroje stvaraju putevi koje oni odaberu, a ne mo\u0107i kojima su ukra\u0161eni. &#8211; Brodi Ashton Mo\u017eda ove rije\u010di gore najbolje mogu opisati \u010dovjeka, o kojem se vrlo malo zna.&nbsp; Huso Sal\u010di\u0107 je spadao u onih 0,1% ljudskog roda koji je imao sve. Lavlje srce, briljantan um, karakter i du\u0161u djeteta. Upravo takvi ljudi kao \u0161to [&hellip;]<\/p>\n","protected":false},"author":1,"featured_media":290,"comment_status":"open","ping_status":"open","sticky":false,"template":"","format":"standard","meta":{"footnotes":""},"categories":[33,25],"tags":[],"class_list":["post-289","post","type-post","status-publish","format-standard","has-post-thumbnail","category-clanci-i-feljtoni","category-hercegovina"],"_links":{"self":[{"href":"https:\/\/mostarac.ba\/index.php?rest_route=\/wp\/v2\/posts\/289","targetHints":{"allow":["GET"]}}],"collection":[{"href":"https:\/\/mostarac.ba\/index.php?rest_route=\/wp\/v2\/posts"}],"about":[{"href":"https:\/\/mostarac.ba\/index.php?rest_route=\/wp\/v2\/types\/post"}],"author":[{"embeddable":true,"href":"https:\/\/mostarac.ba\/index.php?rest_route=\/wp\/v2\/users\/1"}],"replies":[{"embeddable":true,"href":"https:\/\/mostarac.ba\/index.php?rest_route=%2Fwp%2Fv2%2Fcomments&post=289"}],"version-history":[{"count":3,"href":"https:\/\/mostarac.ba\/index.php?rest_route=\/wp\/v2\/posts\/289\/revisions"}],"predecessor-version":[{"id":295,"href":"https:\/\/mostarac.ba\/index.php?rest_route=\/wp\/v2\/posts\/289\/revisions\/295"}],"wp:featuredmedia":[{"embeddable":true,"href":"https:\/\/mostarac.ba\/index.php?rest_route=\/wp\/v2\/media\/290"}],"wp:attachment":[{"href":"https:\/\/mostarac.ba\/index.php?rest_route=%2Fwp%2Fv2%2Fmedia&parent=289"}],"wp:term":[{"taxonomy":"category","embeddable":true,"href":"https:\/\/mostarac.ba\/index.php?rest_route=%2Fwp%2Fv2%2Fcategories&post=289"},{"taxonomy":"post_tag","embeddable":true,"href":"https:\/\/mostarac.ba\/index.php?rest_route=%2Fwp%2Fv2%2Ftags&post=289"}],"curies":[{"name":"wp","href":"https:\/\/api.w.org\/{rel}","templated":true}]}}